{"id":1753,"date":"2024-07-03T15:02:38","date_gmt":"2024-07-03T13:02:38","guid":{"rendered":"https:\/\/walch-recycling.com\/la-eliminacion-de-residuos-es-nuestra-especialidad\/"},"modified":"2024-07-29T09:35:06","modified_gmt":"2024-07-29T07:35:06","slug":"la-eliminacion-de-residuos-es-nuestra-especialidad","status":"publish","type":"post","link":"https:\/\/walch-recycling.com\/es\/la-eliminacion-de-residuos-es-nuestra-especialidad\/","title":{"rendered":"La eliminaci\u00f3n de residuos es nuestra especialidad"},"content":{"rendered":"<p><div class=\"fusion-fullwidth fullwidth-box fusion-builder-row-1 fusion-flex-container has-pattern-background has-mask-background nonhundred-percent-fullwidth non-hundred-percent-height-scrolling\" style=\"--awb-border-radius-top-left:0px;--awb-border-radius-top-right:0px;--awb-border-radius-bottom-right:0px;--awb-border-radius-bottom-left:0px;--awb-padding-top:0px;--awb-padding-bottom:0px;--awb-flex-wrap:wrap;\" ><div class=\"fusion-builder-row fusion-row fusion-flex-align-items-flex-start fusion-flex-content-wrap\" style=\"max-width:1248px;margin-left: calc(-4% \/ 2 );margin-right: calc(-4% \/ 2 );\"><div class=\"fusion-layout-column fusion_builder_column fusion-builder-column-0 fusion_builder_column_1_2 1_2 fusion-flex-column\" style=\"--awb-bg-size:cover;--awb-width-large:50%;--awb-margin-top-large:0px;--awb-spacing-right-large:28.8%;--awb-margin-bottom-large:20px;--awb-spacing-left-large:3.84%;--awb-width-medium:50%;--awb-order-medium:0;--awb-spacing-right-medium:28.8%;--awb-spacing-left-medium:3.84%;--awb-width-small:100%;--awb-order-small:0;--awb-spacing-right-small:1.92%;--awb-spacing-left-small:1.92%;\"><div class=\"fusion-column-wrapper fusion-column-has-shadow fusion-flex-justify-content-flex-start fusion-content-layout-column\"><div class=\"fusion-image-element \" style=\"--awb-caption-title-font-family:var(--h2_typography-font-family);--awb-caption-title-font-weight:var(--h2_typography-font-weight);--awb-caption-title-font-style:var(--h2_typography-font-style);--awb-caption-title-size:var(--h2_typography-font-size);--awb-caption-title-transform:var(--h2_typography-text-transform);--awb-caption-title-line-height:var(--h2_typography-line-height);--awb-caption-title-letter-spacing:var(--h2_typography-letter-spacing);\"><span class=\" fusion-imageframe imageframe-none imageframe-1 hover-type-none\" style=\"border-radius:10px;\"><img decoding=\"async\" width=\"1500\" height=\"967\" alt=\"Windr\u00e4der\" title=\"shutterstock_115323511 (1)\" src=\"https:\/\/walch-recycling.com\/wp-content\/uploads\/2024\/07\/shutterstock_115323511-1.jpg\" class=\"img-responsive wp-image-1384\" srcset=\"https:\/\/walch-recycling.com\/wp-content\/uploads\/2024\/07\/shutterstock_115323511-1-200x129.jpg 200w, https:\/\/walch-recycling.com\/wp-content\/uploads\/2024\/07\/shutterstock_115323511-1-400x258.jpg 400w, https:\/\/walch-recycling.com\/wp-content\/uploads\/2024\/07\/shutterstock_115323511-1-600x387.jpg 600w, https:\/\/walch-recycling.com\/wp-content\/uploads\/2024\/07\/shutterstock_115323511-1-800x516.jpg 800w, https:\/\/walch-recycling.com\/wp-content\/uploads\/2024\/07\/shutterstock_115323511-1-1200x774.jpg 1200w, https:\/\/walch-recycling.com\/wp-content\/uploads\/2024\/07\/shutterstock_115323511-1.jpg 1500w\" sizes=\"(max-width: 640px) 100vw, 600px\" \/><\/span><\/div><\/div><\/div><div class=\"fusion-layout-column fusion_builder_column fusion-builder-column-1 fusion_builder_column_1_2 1_2 fusion-flex-column\" style=\"--awb-bg-size:cover;--awb-width-large:50%;--awb-margin-top-large:0px;--awb-spacing-right-large:3.84%;--awb-margin-bottom-large:20px;--awb-spacing-left-large:3.84%;--awb-width-medium:50%;--awb-order-medium:0;--awb-spacing-right-medium:3.84%;--awb-spacing-left-medium:3.84%;--awb-width-small:100%;--awb-order-small:0;--awb-spacing-right-small:1.92%;--awb-spacing-left-small:1.92%;\"><div class=\"fusion-column-wrapper fusion-column-has-shadow fusion-flex-justify-content-flex-start fusion-content-layout-column\"><div class=\"fusion-text fusion-text-1\" style=\"--awb-font-size:var(--awb-typography4-font-size);--awb-line-height:var(--awb-typography4-line-height);--awb-letter-spacing:var(--awb-typography4-letter-spacing);--awb-text-transform:var(--awb-typography4-text-transform);--awb-text-font-family:var(--awb-typography4-font-family);--awb-text-font-weight:var(--awb-typography4-font-weight);--awb-text-font-style:var(--awb-typography4-font-style);\"><p><strong>R\u00e1pidos, fiables, competentes e<\/strong> innovadores Abrir nuevos caminos prestando atenci\u00f3n a la sostenibilidad es nuestro principio rector. Nos mueve la optimizaci\u00f3n constante de la tasa de reciclaje, porque s\u00f3lo queremos la mejor calidad para el medio ambiente y para nuestros clientes. Lo conseguimos mediante un desarrollo continuo en las \u00e1reas de eliminaci\u00f3n y reciclaje. Para cumplir estos elevados requisitos, invertimos en innovaciones y proyectos que se realizan en cooperaci\u00f3n con universidades t\u00e9cnicas e institutos de investigaci\u00f3n de renombre.<\/p>\n<\/div><\/div><\/div><\/div><\/div><div class=\"fusion-fullwidth fullwidth-box fusion-builder-row-2 fusion-flex-container has-pattern-background has-mask-background nonhundred-percent-fullwidth non-hundred-percent-height-scrolling\" style=\"--awb-border-radius-top-left:0px;--awb-border-radius-top-right:0px;--awb-border-radius-bottom-right:0px;--awb-border-radius-bottom-left:0px;--awb-flex-wrap:wrap;\" ><div class=\"fusion-builder-row fusion-row fusion-flex-align-items-flex-start fusion-flex-content-wrap\" style=\"max-width:1248px;margin-left: calc(-4% \/ 2 );margin-right: calc(-4% \/ 2 );\"><div class=\"fusion-layout-column fusion_builder_column fusion-builder-column-2 fusion_builder_column_1_1 1_1 fusion-flex-column\" style=\"--awb-bg-size:cover;--awb-width-large:100%;--awb-margin-top-large:0px;--awb-spacing-right-large:1.92%;--awb-margin-bottom-large:20px;--awb-spacing-left-large:1.92%;--awb-width-medium:100%;--awb-order-medium:0;--awb-spacing-right-medium:1.92%;--awb-spacing-left-medium:1.92%;--awb-width-small:100%;--awb-order-small:0;--awb-spacing-right-small:1.92%;--awb-spacing-left-small:1.92%;\"><div class=\"fusion-column-wrapper fusion-column-has-shadow fusion-flex-justify-content-flex-start fusion-content-layout-column\"><div class=\"fusion-text fusion-text-2\" style=\"--awb-font-size:var(--awb-typography4-font-size);--awb-line-height:var(--awb-typography4-line-height);--awb-letter-spacing:var(--awb-typography4-letter-spacing);--awb-text-transform:var(--awb-typography4-text-transform);--awb-text-font-family:var(--awb-typography4-font-family);--awb-text-font-weight:var(--awb-typography4-font-weight);--awb-text-font-style:var(--awb-typography4-font-style);\"><p><b>\u00bfAerogeneradores?  <\/b><b>\u00bfBater\u00edas de almacenamiento fotovoltaico?  <\/b><b>\u00bfBater\u00edas de veh\u00edculos el\u00e9ctricos?  <\/b>  El reciclaje profesional de aerogeneradores y parques e\u00f3licos a\u00fan est\u00e1 en pa\u00f1ales. Aunque se utilizan muchas materias primas valiosas, metales estrat\u00e9gicos y tierras raras en los generadores y turbinas, as\u00ed como en los m\u00f3dulos de almacenamiento de la energ\u00eda fotovoltaica y la electromovilidad, todav\u00eda se reconoce demasiado poco el potencial que tienen para nuestro medio ambiente y nuestra econom\u00eda. La fiabilidad, el cumplimiento absoluto de los plazos y la tramitaci\u00f3n mano a mano con nuestros socios son nuestras principales prioridades en cada proyecto.<\/p>\n<\/div><\/div><\/div><\/div><\/div><div class=\"fusion-fullwidth fullwidth-box fusion-builder-row-3 fusion-flex-container has-pattern-background has-mask-background nonhundred-percent-fullwidth non-hundred-percent-height-scrolling\" style=\"--awb-border-radius-top-left:0px;--awb-border-radius-top-right:0px;--awb-border-radius-bottom-right:0px;--awb-border-radius-bottom-left:0px;--awb-padding-top:0px;--awb-padding-bottom:50px;--awb-flex-wrap:wrap;\" ><div class=\"fusion-builder-row fusion-row fusion-flex-align-items-flex-start fusion-flex-content-wrap\" style=\"max-width:1248px;margin-left: calc(-4% \/ 2 );margin-right: calc(-4% \/ 2 );\"><div class=\"fusion-layout-column fusion_builder_column fusion-builder-column-3 fusion_builder_column_1_2 1_2 fusion-flex-column\" style=\"--awb-bg-size:cover;--awb-width-large:50%;--awb-margin-top-large:0px;--awb-spacing-right-large:3.84%;--awb-margin-bottom-large:20px;--awb-spacing-left-large:3.84%;--awb-width-medium:50%;--awb-order-medium:0;--awb-spacing-right-medium:3.84%;--awb-spacing-left-medium:3.84%;--awb-width-small:100%;--awb-order-small:0;--awb-spacing-right-small:1.92%;--awb-spacing-left-small:1.92%;\"><div class=\"fusion-column-wrapper fusion-column-has-shadow fusion-flex-justify-content-flex-start fusion-content-layout-column\"><div class=\"fusion-text fusion-text-3\" style=\"--awb-font-size:var(--awb-typography4-font-size);--awb-line-height:var(--awb-typography4-line-height);--awb-letter-spacing:var(--awb-typography4-letter-spacing);--awb-text-transform:var(--awb-typography4-text-transform);--awb-text-font-family:var(--awb-typography4-font-family);--awb-text-font-weight:var(--awb-typography4-font-weight);--awb-text-font-style:var(--awb-typography4-font-style);\"><p><b>Procesos <\/b><b>integrales <\/b><b>de eliminaci\u00f3n de <\/b><b>un solo proveedor<\/b> Desde la compra, el desmontaje, el almacenamiento y el procesamiento hasta el reciclaje, Walch Recycling es tu proveedor de servicios competente. Nos consideramos un socio de la industria y estaremos encantados de ayudarte en todo lo relacionado con la eliminaci\u00f3n y el reciclaje de tus equipos electrot\u00e9cnicos y grandes sistemas. Ni que decir tiene que nuestra empresa especializada en gesti\u00f3n de residuos est\u00e1 homologada por la BImSchG. Los procesos de trabajo optimizados, las plantas de tratamiento primario certificadas y nuestras d\u00e9cadas de experiencia garantizan tu satisfacci\u00f3n.<\/p>\n<\/div><\/div><\/div><div class=\"fusion-layout-column fusion_builder_column fusion-builder-column-4 fusion_builder_column_1_2 1_2 fusion-flex-column\" style=\"--awb-bg-size:cover;--awb-width-large:50%;--awb-margin-top-large:0px;--awb-spacing-right-large:3.84%;--awb-margin-bottom-large:20px;--awb-spacing-left-large:28.8%;--awb-width-medium:50%;--awb-order-medium:0;--awb-spacing-right-medium:3.84%;--awb-spacing-left-medium:28.8%;--awb-width-small:100%;--awb-order-small:0;--awb-spacing-right-small:1.92%;--awb-spacing-left-small:1.92%;\"><div class=\"fusion-column-wrapper fusion-column-has-shadow fusion-flex-justify-content-flex-start fusion-content-layout-column\"><div class=\"fusion-image-element \" style=\"--awb-caption-title-font-family:var(--h2_typography-font-family);--awb-caption-title-font-weight:var(--h2_typography-font-weight);--awb-caption-title-font-style:var(--h2_typography-font-style);--awb-caption-title-size:var(--h2_typography-font-size);--awb-caption-title-transform:var(--h2_typography-text-transform);--awb-caption-title-line-height:var(--h2_typography-line-height);--awb-caption-title-letter-spacing:var(--h2_typography-letter-spacing);\"><span class=\" fusion-imageframe imageframe-none imageframe-2 hover-type-none\" style=\"border-radius:10px;\"><img decoding=\"async\" width=\"1500\" height=\"967\" alt=\"Windr\u00e4der\" title=\"shutterstock_115323511 (1)\" src=\"https:\/\/walch-recycling.com\/wp-content\/uploads\/2024\/07\/shutterstock_115323511-1.jpg\" class=\"img-responsive wp-image-1384\" srcset=\"https:\/\/walch-recycling.com\/wp-content\/uploads\/2024\/07\/shutterstock_115323511-1-200x129.jpg 200w, https:\/\/walch-recycling.com\/wp-content\/uploads\/2024\/07\/shutterstock_115323511-1-400x258.jpg 400w, https:\/\/walch-recycling.com\/wp-content\/uploads\/2024\/07\/shutterstock_115323511-1-600x387.jpg 600w, https:\/\/walch-recycling.com\/wp-content\/uploads\/2024\/07\/shutterstock_115323511-1-800x516.jpg 800w, https:\/\/walch-recycling.com\/wp-content\/uploads\/2024\/07\/shutterstock_115323511-1-1200x774.jpg 1200w, https:\/\/walch-recycling.com\/wp-content\/uploads\/2024\/07\/shutterstock_115323511-1.jpg 1500w\" sizes=\"(max-width: 640px) 100vw, 600px\" \/><\/span><\/div><\/div><\/div><\/div><\/div><\/p>\n","protected":false},"excerpt":{"rendered":"<p>Los recursos de nuestro planeta son limitados. En Walch Recycling actuamos con esto en mente todos los d\u00edas. Reciclamos y eliminamos residuos electr\u00f3nicos, aparatos m\u00e9dicos, piezas de tecnolog\u00eda e\u00f3lica y solar, as\u00ed como sistemas industriales. Extraemos de ellos los materiales reciclables y los devolvemos al ciclo econ\u00f3mico.<\/p>\n","protected":false},"author":1,"featured_media":1380,"comment_status":"open","ping_status":"open","sticky":false,"template":"","format":"standard","meta":{"footnotes":""},"categories":[68],"tags":[],"class_list":["post-1753","post","type-post","status-publish","format-standard","has-post-thumbnail","hentry","category-blog-es"],"yoast_head":"<!-- This site is optimized with the Yoast SEO plugin v26.7 - https:\/\/yoast.com\/wordpress\/plugins\/seo\/ -->\n<title>La eliminaci\u00f3n de residuos es nuestra especialidad | WALCH Recycling<\/title>\n<meta name=\"description\" content=\"Lesen Sie unseren neuen Blogartikel: La eliminaci\u00f3n de residuos es nuestra especialidad\" \/>\n<meta name=\"robots\" content=\"index, follow, max-snippet:-1, max-image-preview:large, max-video-preview:-1\" \/>\n<link rel=\"canonical\" href=\"https:\/\/walch-recycling.com\/es\/la-eliminacion-de-residuos-es-nuestra-especialidad\/\" \/>\n<meta property=\"og:locale\" content=\"es_ES\" \/>\n<meta property=\"og:type\" content=\"article\" \/>\n<meta property=\"og:title\" content=\"La eliminaci\u00f3n de residuos es nuestra especialidad | WALCH Recycling\" \/>\n<meta property=\"og:description\" content=\"Lesen Sie unseren neuen Blogartikel: La eliminaci\u00f3n de residuos es nuestra especialidad\" \/>\n<meta property=\"og:url\" content=\"https:\/\/walch-recycling.com\/es\/la-eliminacion-de-residuos-es-nuestra-especialidad\/\" \/>\n<meta property=\"og:site_name\" content=\"WALCH Recycling\" \/>\n<meta property=\"article:published_time\" content=\"2024-07-03T13:02:38+00:00\" \/>\n<meta property=\"article:modified_time\" content=\"2024-07-29T07:35:06+00:00\" \/>\n<meta property=\"og:image\" content=\"https:\/\/walch-recycling.com\/wp-content\/uploads\/2024\/07\/shutterstock_115323511.jpg\" \/>\n\t<meta property=\"og:image:width\" content=\"1500\" \/>\n\t<meta property=\"og:image:height\" content=\"967\" \/>\n\t<meta property=\"og:image:type\" content=\"image\/jpeg\" \/>\n<meta name=\"author\" content=\"David Schiemann\" \/>\n<meta name=\"twitter:card\" content=\"summary_large_image\" \/>\n<meta name=\"twitter:label1\" content=\"Escrito por\" \/>\n\t<meta name=\"twitter:data1\" content=\"David Schiemann\" \/>\n\t<meta name=\"twitter:label2\" content=\"Tiempo de lectura\" \/>\n\t<meta name=\"twitter:data2\" content=\"15 minutos\" \/>\n<script type=\"application\/ld+json\" class=\"yoast-schema-graph\">{\"@context\":\"https:\/\/schema.org\",\"@graph\":[{\"@type\":\"Article\",\"@id\":\"https:\/\/walch-recycling.com\/es\/la-eliminacion-de-residuos-es-nuestra-especialidad\/#article\",\"isPartOf\":{\"@id\":\"https:\/\/walch-recycling.com\/es\/la-eliminacion-de-residuos-es-nuestra-especialidad\/\"},\"author\":{\"name\":\"David Schiemann\",\"@id\":\"https:\/\/walch-recycling.com\/#\/schema\/person\/664cee7ee6f146ab8f32ad3da73353fc\"},\"headline\":\"La eliminaci\u00f3n de residuos es nuestra especialidad\",\"datePublished\":\"2024-07-03T13:02:38+00:00\",\"dateModified\":\"2024-07-29T07:35:06+00:00\",\"mainEntityOfPage\":{\"@id\":\"https:\/\/walch-recycling.com\/es\/la-eliminacion-de-residuos-es-nuestra-especialidad\/\"},\"wordCount\":2929,\"commentCount\":0,\"publisher\":{\"@id\":\"https:\/\/walch-recycling.com\/#organization\"},\"image\":{\"@id\":\"https:\/\/walch-recycling.com\/es\/la-eliminacion-de-residuos-es-nuestra-especialidad\/#primaryimage\"},\"thumbnailUrl\":\"https:\/\/walch-recycling.com\/wp-content\/uploads\/2024\/07\/shutterstock_115323511.jpg\",\"articleSection\":[\"Blog\"],\"inLanguage\":\"es\",\"potentialAction\":[{\"@type\":\"CommentAction\",\"name\":\"Comment\",\"target\":[\"https:\/\/walch-recycling.com\/es\/la-eliminacion-de-residuos-es-nuestra-especialidad\/#respond\"]}]},{\"@type\":\"WebPage\",\"@id\":\"https:\/\/walch-recycling.com\/es\/la-eliminacion-de-residuos-es-nuestra-especialidad\/\",\"url\":\"https:\/\/walch-recycling.com\/es\/la-eliminacion-de-residuos-es-nuestra-especialidad\/\",\"name\":\"La eliminaci\u00f3n de residuos es nuestra especialidad | WALCH Recycling\",\"isPartOf\":{\"@id\":\"https:\/\/walch-recycling.com\/#website\"},\"primaryImageOfPage\":{\"@id\":\"https:\/\/walch-recycling.com\/es\/la-eliminacion-de-residuos-es-nuestra-especialidad\/#primaryimage\"},\"image\":{\"@id\":\"https:\/\/walch-recycling.com\/es\/la-eliminacion-de-residuos-es-nuestra-especialidad\/#primaryimage\"},\"thumbnailUrl\":\"https:\/\/walch-recycling.com\/wp-content\/uploads\/2024\/07\/shutterstock_115323511.jpg\",\"datePublished\":\"2024-07-03T13:02:38+00:00\",\"dateModified\":\"2024-07-29T07:35:06+00:00\",\"description\":\"Lesen Sie unseren neuen Blogartikel: La eliminaci\u00f3n de residuos es nuestra especialidad\",\"breadcrumb\":{\"@id\":\"https:\/\/walch-recycling.com\/es\/la-eliminacion-de-residuos-es-nuestra-especialidad\/#breadcrumb\"},\"inLanguage\":\"es\",\"potentialAction\":[{\"@type\":\"ReadAction\",\"target\":[\"https:\/\/walch-recycling.com\/es\/la-eliminacion-de-residuos-es-nuestra-especialidad\/\"]}]},{\"@type\":\"ImageObject\",\"inLanguage\":\"es\",\"@id\":\"https:\/\/walch-recycling.com\/es\/la-eliminacion-de-residuos-es-nuestra-especialidad\/#primaryimage\",\"url\":\"https:\/\/walch-recycling.com\/wp-content\/uploads\/2024\/07\/shutterstock_115323511.jpg\",\"contentUrl\":\"https:\/\/walch-recycling.com\/wp-content\/uploads\/2024\/07\/shutterstock_115323511.jpg\",\"width\":1500,\"height\":967,\"caption\":\"Windraeder gespiegelt\"},{\"@type\":\"BreadcrumbList\",\"@id\":\"https:\/\/walch-recycling.com\/es\/la-eliminacion-de-residuos-es-nuestra-especialidad\/#breadcrumb\",\"itemListElement\":[{\"@type\":\"ListItem\",\"position\":1,\"name\":\"Startseite\",\"item\":\"https:\/\/walch-recycling.com\/es\/\"},{\"@type\":\"ListItem\",\"position\":2,\"name\":\"La eliminaci\u00f3n de residuos es nuestra especialidad\"}]},{\"@type\":\"WebSite\",\"@id\":\"https:\/\/walch-recycling.com\/#website\",\"url\":\"https:\/\/walch-recycling.com\/\",\"name\":\"WALCH Recycling\",\"description\":\"\",\"publisher\":{\"@id\":\"https:\/\/walch-recycling.com\/#organization\"},\"potentialAction\":[{\"@type\":\"SearchAction\",\"target\":{\"@type\":\"EntryPoint\",\"urlTemplate\":\"https:\/\/walch-recycling.com\/?s={search_term_string}\"},\"query-input\":{\"@type\":\"PropertyValueSpecification\",\"valueRequired\":true,\"valueName\":\"search_term_string\"}}],\"inLanguage\":\"es\"},{\"@type\":\"Organization\",\"@id\":\"https:\/\/walch-recycling.com\/#organization\",\"name\":\"Lars Walch GmbH & Co. KG\",\"url\":\"https:\/\/walch-recycling.com\/\",\"logo\":{\"@type\":\"ImageObject\",\"inLanguage\":\"es\",\"@id\":\"https:\/\/walch-recycling.com\/#\/schema\/logo\/image\/\",\"url\":\"https:\/\/walch-recycling.com\/wp-content\/uploads\/2024\/05\/walch-recycling-logo_sm.svg\",\"contentUrl\":\"https:\/\/walch-recycling.com\/wp-content\/uploads\/2024\/05\/walch-recycling-logo_sm.svg\",\"width\":91,\"height\":66,\"caption\":\"Lars Walch GmbH & Co. KG\"},\"image\":{\"@id\":\"https:\/\/walch-recycling.com\/#\/schema\/logo\/image\/\"},\"sameAs\":[\"https:\/\/www.linkedin.com\/company\/walchrecycling\/\",\"https:\/\/www.youtube.com\/channel\/UCy6VNhi3OHnjeClBw2_juVQ\"]},{\"@type\":\"Person\",\"@id\":\"https:\/\/walch-recycling.com\/#\/schema\/person\/664cee7ee6f146ab8f32ad3da73353fc\",\"name\":\"David Schiemann\",\"image\":{\"@type\":\"ImageObject\",\"inLanguage\":\"es\",\"@id\":\"https:\/\/walch-recycling.com\/#\/schema\/person\/image\/\",\"url\":\"https:\/\/secure.gravatar.com\/avatar\/c5a7e5633c632a17cf0b37479868f322c4074aa04a1bd1775de8837f9975a9eb?s=96&d=mm&r=g\",\"contentUrl\":\"https:\/\/secure.gravatar.com\/avatar\/c5a7e5633c632a17cf0b37479868f322c4074aa04a1bd1775de8837f9975a9eb?s=96&d=mm&r=g\",\"caption\":\"David Schiemann\"},\"sameAs\":[\"https:\/\/walch-recycling.com\"],\"url\":\"https:\/\/walch-recycling.com\/es\/author\/david\/\"}]}<\/script>\n<!-- \/ Yoast SEO plugin. -->","yoast_head_json":{"title":"La eliminaci\u00f3n de residuos es nuestra especialidad | WALCH Recycling","description":"Lesen Sie unseren neuen Blogartikel: La eliminaci\u00f3n de residuos es nuestra especialidad","robots":{"index":"index","follow":"follow","max-snippet":"max-snippet:-1","max-image-preview":"max-image-preview:large","max-video-preview":"max-video-preview:-1"},"canonical":"https:\/\/walch-recycling.com\/es\/la-eliminacion-de-residuos-es-nuestra-especialidad\/","og_locale":"es_ES","og_type":"article","og_title":"La eliminaci\u00f3n de residuos es nuestra especialidad | WALCH Recycling","og_description":"Lesen Sie unseren neuen Blogartikel: La eliminaci\u00f3n de residuos es nuestra especialidad","og_url":"https:\/\/walch-recycling.com\/es\/la-eliminacion-de-residuos-es-nuestra-especialidad\/","og_site_name":"WALCH Recycling","article_published_time":"2024-07-03T13:02:38+00:00","article_modified_time":"2024-07-29T07:35:06+00:00","og_image":[{"width":1500,"height":967,"url":"https:\/\/walch-recycling.com\/wp-content\/uploads\/2024\/07\/shutterstock_115323511.jpg","type":"image\/jpeg"}],"author":"David Schiemann","twitter_card":"summary_large_image","twitter_misc":{"Escrito por":"David Schiemann","Tiempo de lectura":"15 minutos"},"schema":{"@context":"https:\/\/schema.org","@graph":[{"@type":"Article","@id":"https:\/\/walch-recycling.com\/es\/la-eliminacion-de-residuos-es-nuestra-especialidad\/#article","isPartOf":{"@id":"https:\/\/walch-recycling.com\/es\/la-eliminacion-de-residuos-es-nuestra-especialidad\/"},"author":{"name":"David Schiemann","@id":"https:\/\/walch-recycling.com\/#\/schema\/person\/664cee7ee6f146ab8f32ad3da73353fc"},"headline":"La eliminaci\u00f3n de residuos es nuestra especialidad","datePublished":"2024-07-03T13:02:38+00:00","dateModified":"2024-07-29T07:35:06+00:00","mainEntityOfPage":{"@id":"https:\/\/walch-recycling.com\/es\/la-eliminacion-de-residuos-es-nuestra-especialidad\/"},"wordCount":2929,"commentCount":0,"publisher":{"@id":"https:\/\/walch-recycling.com\/#organization"},"image":{"@id":"https:\/\/walch-recycling.com\/es\/la-eliminacion-de-residuos-es-nuestra-especialidad\/#primaryimage"},"thumbnailUrl":"https:\/\/walch-recycling.com\/wp-content\/uploads\/2024\/07\/shutterstock_115323511.jpg","articleSection":["Blog"],"inLanguage":"es","potentialAction":[{"@type":"CommentAction","name":"Comment","target":["https:\/\/walch-recycling.com\/es\/la-eliminacion-de-residuos-es-nuestra-especialidad\/#respond"]}]},{"@type":"WebPage","@id":"https:\/\/walch-recycling.com\/es\/la-eliminacion-de-residuos-es-nuestra-especialidad\/","url":"https:\/\/walch-recycling.com\/es\/la-eliminacion-de-residuos-es-nuestra-especialidad\/","name":"La eliminaci\u00f3n de residuos es nuestra especialidad | WALCH Recycling","isPartOf":{"@id":"https:\/\/walch-recycling.com\/#website"},"primaryImageOfPage":{"@id":"https:\/\/walch-recycling.com\/es\/la-eliminacion-de-residuos-es-nuestra-especialidad\/#primaryimage"},"image":{"@id":"https:\/\/walch-recycling.com\/es\/la-eliminacion-de-residuos-es-nuestra-especialidad\/#primaryimage"},"thumbnailUrl":"https:\/\/walch-recycling.com\/wp-content\/uploads\/2024\/07\/shutterstock_115323511.jpg","datePublished":"2024-07-03T13:02:38+00:00","dateModified":"2024-07-29T07:35:06+00:00","description":"Lesen Sie unseren neuen Blogartikel: La eliminaci\u00f3n de residuos es nuestra especialidad","breadcrumb":{"@id":"https:\/\/walch-recycling.com\/es\/la-eliminacion-de-residuos-es-nuestra-especialidad\/#breadcrumb"},"inLanguage":"es","potentialAction":[{"@type":"ReadAction","target":["https:\/\/walch-recycling.com\/es\/la-eliminacion-de-residuos-es-nuestra-especialidad\/"]}]},{"@type":"ImageObject","inLanguage":"es","@id":"https:\/\/walch-recycling.com\/es\/la-eliminacion-de-residuos-es-nuestra-especialidad\/#primaryimage","url":"https:\/\/walch-recycling.com\/wp-content\/uploads\/2024\/07\/shutterstock_115323511.jpg","contentUrl":"https:\/\/walch-recycling.com\/wp-content\/uploads\/2024\/07\/shutterstock_115323511.jpg","width":1500,"height":967,"caption":"Windraeder gespiegelt"},{"@type":"BreadcrumbList","@id":"https:\/\/walch-recycling.com\/es\/la-eliminacion-de-residuos-es-nuestra-especialidad\/#breadcrumb","itemListElement":[{"@type":"ListItem","position":1,"name":"Startseite","item":"https:\/\/walch-recycling.com\/es\/"},{"@type":"ListItem","position":2,"name":"La eliminaci\u00f3n de residuos es nuestra especialidad"}]},{"@type":"WebSite","@id":"https:\/\/walch-recycling.com\/#website","url":"https:\/\/walch-recycling.com\/","name":"WALCH Recycling","description":"","publisher":{"@id":"https:\/\/walch-recycling.com\/#organization"},"potentialAction":[{"@type":"SearchAction","target":{"@type":"EntryPoint","urlTemplate":"https:\/\/walch-recycling.com\/?s={search_term_string}"},"query-input":{"@type":"PropertyValueSpecification","valueRequired":true,"valueName":"search_term_string"}}],"inLanguage":"es"},{"@type":"Organization","@id":"https:\/\/walch-recycling.com\/#organization","name":"Lars Walch GmbH & Co. KG","url":"https:\/\/walch-recycling.com\/","logo":{"@type":"ImageObject","inLanguage":"es","@id":"https:\/\/walch-recycling.com\/#\/schema\/logo\/image\/","url":"https:\/\/walch-recycling.com\/wp-content\/uploads\/2024\/05\/walch-recycling-logo_sm.svg","contentUrl":"https:\/\/walch-recycling.com\/wp-content\/uploads\/2024\/05\/walch-recycling-logo_sm.svg","width":91,"height":66,"caption":"Lars Walch GmbH & Co. KG"},"image":{"@id":"https:\/\/walch-recycling.com\/#\/schema\/logo\/image\/"},"sameAs":["https:\/\/www.linkedin.com\/company\/walchrecycling\/","https:\/\/www.youtube.com\/channel\/UCy6VNhi3OHnjeClBw2_juVQ"]},{"@type":"Person","@id":"https:\/\/walch-recycling.com\/#\/schema\/person\/664cee7ee6f146ab8f32ad3da73353fc","name":"David Schiemann","image":{"@type":"ImageObject","inLanguage":"es","@id":"https:\/\/walch-recycling.com\/#\/schema\/person\/image\/","url":"https:\/\/secure.gravatar.com\/avatar\/c5a7e5633c632a17cf0b37479868f322c4074aa04a1bd1775de8837f9975a9eb?s=96&d=mm&r=g","contentUrl":"https:\/\/secure.gravatar.com\/avatar\/c5a7e5633c632a17cf0b37479868f322c4074aa04a1bd1775de8837f9975a9eb?s=96&d=mm&r=g","caption":"David Schiemann"},"sameAs":["https:\/\/walch-recycling.com"],"url":"https:\/\/walch-recycling.com\/es\/author\/david\/"}]}},"_links":{"self":[{"href":"https:\/\/walch-recycling.com\/es\/wp-json\/wp\/v2\/posts\/1753","targetHints":{"allow":["GET"]}}],"collection":[{"href":"https:\/\/walch-recycling.com\/es\/wp-json\/wp\/v2\/posts"}],"about":[{"href":"https:\/\/walch-recycling.com\/es\/wp-json\/wp\/v2\/types\/post"}],"author":[{"embeddable":true,"href":"https:\/\/walch-recycling.com\/es\/wp-json\/wp\/v2\/users\/1"}],"replies":[{"embeddable":true,"href":"https:\/\/walch-recycling.com\/es\/wp-json\/wp\/v2\/comments?post=1753"}],"version-history":[{"count":7,"href":"https:\/\/walch-recycling.com\/es\/wp-json\/wp\/v2\/posts\/1753\/revisions"}],"predecessor-version":[{"id":2401,"href":"https:\/\/walch-recycling.com\/es\/wp-json\/wp\/v2\/posts\/1753\/revisions\/2401"}],"wp:featuredmedia":[{"embeddable":true,"href":"https:\/\/walch-recycling.com\/es\/wp-json\/wp\/v2\/media\/1380"}],"wp:attachment":[{"href":"https:\/\/walch-recycling.com\/es\/wp-json\/wp\/v2\/media?parent=1753"}],"wp:term":[{"taxonomy":"category","embeddable":true,"href":"https:\/\/walch-recycling.com\/es\/wp-json\/wp\/v2\/categories?post=1753"},{"taxonomy":"post_tag","embeddable":true,"href":"https:\/\/walch-recycling.com\/es\/wp-json\/wp\/v2\/tags?post=1753"}],"curies":[{"name":"wp","href":"https:\/\/api.w.org\/{rel}","templated":true}]}}