{"id":1756,"date":"2024-07-03T15:02:38","date_gmt":"2024-07-03T13:02:38","guid":{"rendered":"https:\/\/walch-recycling.com\/lelimination-des-dechets-est-notre-competence\/"},"modified":"2024-07-29T09:35:06","modified_gmt":"2024-07-29T07:35:06","slug":"lelimination-des-dechets-est-notre-competence","status":"publish","type":"post","link":"https:\/\/walch-recycling.com\/fr\/lelimination-des-dechets-est-notre-competence\/","title":{"rendered":"L&rsquo;\u00e9limination des d\u00e9chets est notre comp\u00e9tence !"},"content":{"rendered":"<p><div class=\"fusion-fullwidth fullwidth-box fusion-builder-row-1 fusion-flex-container has-pattern-background has-mask-background nonhundred-percent-fullwidth non-hundred-percent-height-scrolling\" style=\"--awb-border-radius-top-left:0px;--awb-border-radius-top-right:0px;--awb-border-radius-bottom-right:0px;--awb-border-radius-bottom-left:0px;--awb-padding-top:0px;--awb-padding-bottom:0px;--awb-flex-wrap:wrap;\" ><div class=\"fusion-builder-row fusion-row fusion-flex-align-items-flex-start fusion-flex-content-wrap\" style=\"max-width:1248px;margin-left: calc(-4% \/ 2 );margin-right: calc(-4% \/ 2 );\"><div class=\"fusion-layout-column fusion_builder_column fusion-builder-column-0 fusion_builder_column_1_2 1_2 fusion-flex-column\" style=\"--awb-bg-size:cover;--awb-width-large:50%;--awb-margin-top-large:0px;--awb-spacing-right-large:28.8%;--awb-margin-bottom-large:20px;--awb-spacing-left-large:3.84%;--awb-width-medium:50%;--awb-order-medium:0;--awb-spacing-right-medium:28.8%;--awb-spacing-left-medium:3.84%;--awb-width-small:100%;--awb-order-small:0;--awb-spacing-right-small:1.92%;--awb-spacing-left-small:1.92%;\"><div class=\"fusion-column-wrapper fusion-column-has-shadow fusion-flex-justify-content-flex-start fusion-content-layout-column\"><div class=\"fusion-image-element \" style=\"--awb-caption-title-font-family:var(--h2_typography-font-family);--awb-caption-title-font-weight:var(--h2_typography-font-weight);--awb-caption-title-font-style:var(--h2_typography-font-style);--awb-caption-title-size:var(--h2_typography-font-size);--awb-caption-title-transform:var(--h2_typography-text-transform);--awb-caption-title-line-height:var(--h2_typography-line-height);--awb-caption-title-letter-spacing:var(--h2_typography-letter-spacing);\"><span class=\" fusion-imageframe imageframe-none imageframe-1 hover-type-none\" style=\"border-radius:10px;\"><img decoding=\"async\" width=\"1500\" height=\"967\" alt=\"Windr\u00e4der\" title=\"shutterstock_115323511 (1)\" src=\"https:\/\/walch-recycling.com\/wp-content\/uploads\/2024\/07\/shutterstock_115323511-1.jpg\" class=\"img-responsive wp-image-1383\" srcset=\"https:\/\/walch-recycling.com\/wp-content\/uploads\/2024\/07\/shutterstock_115323511-1-200x129.jpg 200w, https:\/\/walch-recycling.com\/wp-content\/uploads\/2024\/07\/shutterstock_115323511-1-400x258.jpg 400w, https:\/\/walch-recycling.com\/wp-content\/uploads\/2024\/07\/shutterstock_115323511-1-600x387.jpg 600w, https:\/\/walch-recycling.com\/wp-content\/uploads\/2024\/07\/shutterstock_115323511-1-800x516.jpg 800w, https:\/\/walch-recycling.com\/wp-content\/uploads\/2024\/07\/shutterstock_115323511-1-1200x774.jpg 1200w, https:\/\/walch-recycling.com\/wp-content\/uploads\/2024\/07\/shutterstock_115323511-1.jpg 1500w\" sizes=\"(max-width: 640px) 100vw, 600px\" \/><\/span><\/div><\/div><\/div><div class=\"fusion-layout-column fusion_builder_column fusion-builder-column-1 fusion_builder_column_1_2 1_2 fusion-flex-column\" style=\"--awb-bg-size:cover;--awb-width-large:50%;--awb-margin-top-large:0px;--awb-spacing-right-large:3.84%;--awb-margin-bottom-large:20px;--awb-spacing-left-large:3.84%;--awb-width-medium:50%;--awb-order-medium:0;--awb-spacing-right-medium:3.84%;--awb-spacing-left-medium:3.84%;--awb-width-small:100%;--awb-order-small:0;--awb-spacing-right-small:1.92%;--awb-spacing-left-small:1.92%;\"><div class=\"fusion-column-wrapper fusion-column-has-shadow fusion-flex-justify-content-flex-start fusion-content-layout-column\"><div class=\"fusion-text fusion-text-1\" style=\"--awb-font-size:var(--awb-typography4-font-size);--awb-line-height:var(--awb-typography4-line-height);--awb-letter-spacing:var(--awb-typography4-letter-spacing);--awb-text-transform:var(--awb-typography4-text-transform);--awb-text-font-family:var(--awb-typography4-font-family);--awb-text-font-weight:var(--awb-typography4-font-weight);--awb-text-font-style:var(--awb-typography4-font-style);\"><p><strong>Rapide, fiable, comp\u00e9tent &amp; innovant<\/strong> Emprunter de nouvelles voies tout en veillant \u00e0 la durabilit\u00e9 est notre leitmotiv. L&rsquo;optimisation constante du taux de recyclage nous motive, car nous ne voulons que la meilleure qualit\u00e9 pour l&rsquo;environnement et pour nos clients. Nous y parvenons gr\u00e2ce \u00e0 un d\u00e9veloppement constant dans les domaines de l&rsquo;\u00e9limination et du recyclage. Pour r\u00e9pondre \u00e0 ces exigences \u00e9lev\u00e9es, nous investissons dans des innovations et des projets r\u00e9alis\u00e9s en coop\u00e9ration avec des universit\u00e9s techniques et des instituts de recherche renomm\u00e9s.<\/p>\n<\/div><\/div><\/div><\/div><\/div><div class=\"fusion-fullwidth fullwidth-box fusion-builder-row-2 fusion-flex-container has-pattern-background has-mask-background nonhundred-percent-fullwidth non-hundred-percent-height-scrolling\" style=\"--awb-border-radius-top-left:0px;--awb-border-radius-top-right:0px;--awb-border-radius-bottom-right:0px;--awb-border-radius-bottom-left:0px;--awb-flex-wrap:wrap;\" ><div class=\"fusion-builder-row fusion-row fusion-flex-align-items-flex-start fusion-flex-content-wrap\" style=\"max-width:1248px;margin-left: calc(-4% \/ 2 );margin-right: calc(-4% \/ 2 );\"><div class=\"fusion-layout-column fusion_builder_column fusion-builder-column-2 fusion_builder_column_1_1 1_1 fusion-flex-column\" style=\"--awb-bg-size:cover;--awb-width-large:100%;--awb-margin-top-large:0px;--awb-spacing-right-large:1.92%;--awb-margin-bottom-large:20px;--awb-spacing-left-large:1.92%;--awb-width-medium:100%;--awb-order-medium:0;--awb-spacing-right-medium:1.92%;--awb-spacing-left-medium:1.92%;--awb-width-small:100%;--awb-order-small:0;--awb-spacing-right-small:1.92%;--awb-spacing-left-small:1.92%;\"><div class=\"fusion-column-wrapper fusion-column-has-shadow fusion-flex-justify-content-flex-start fusion-content-layout-column\"><div class=\"fusion-text fusion-text-2\" style=\"--awb-font-size:var(--awb-typography4-font-size);--awb-line-height:var(--awb-typography4-line-height);--awb-letter-spacing:var(--awb-typography4-letter-spacing);--awb-text-transform:var(--awb-typography4-text-transform);--awb-text-font-family:var(--awb-typography4-font-family);--awb-text-font-weight:var(--awb-typography4-font-weight);--awb-text-font-style:var(--awb-typography4-font-style);\"><p><b>Des \u00e9oliennes ?  <\/b><b>Batteries de stockage photovolta\u00efque ?  <\/b><b>Batteries de v\u00e9hicules \u00e9lectriques ?  <\/b>  Le recyclage professionnel des \u00e9oliennes et des parcs \u00e9oliens n&rsquo;en est qu&rsquo;\u00e0 ses d\u00e9buts. Bien que de nombreuses mati\u00e8res premi\u00e8res pr\u00e9cieuses, des m\u00e9taux strat\u00e9giques et des terres rares soient int\u00e9gr\u00e9s dans les g\u00e9n\u00e9rateurs et les turbines, ainsi que dans les modules de stockage du photovolta\u00efque ou de l&rsquo;\u00e9lectromobilit\u00e9, leur potentiel pour notre environnement et notre \u00e9conomie est encore trop peu reconnu. La fiabilit\u00e9, le respect absolu des d\u00e9lais et la gestion main dans la main avec nos partenaires sont nos priorit\u00e9s pour chaque projet.<\/p>\n<\/div><\/div><\/div><\/div><\/div><div class=\"fusion-fullwidth fullwidth-box fusion-builder-row-3 fusion-flex-container has-pattern-background has-mask-background nonhundred-percent-fullwidth non-hundred-percent-height-scrolling\" style=\"--awb-border-radius-top-left:0px;--awb-border-radius-top-right:0px;--awb-border-radius-bottom-right:0px;--awb-border-radius-bottom-left:0px;--awb-padding-top:0px;--awb-padding-bottom:50px;--awb-flex-wrap:wrap;\" ><div class=\"fusion-builder-row fusion-row fusion-flex-align-items-flex-start fusion-flex-content-wrap\" style=\"max-width:1248px;margin-left: calc(-4% \/ 2 );margin-right: calc(-4% \/ 2 );\"><div class=\"fusion-layout-column fusion_builder_column fusion-builder-column-3 fusion_builder_column_1_2 1_2 fusion-flex-column\" style=\"--awb-bg-size:cover;--awb-width-large:50%;--awb-margin-top-large:0px;--awb-spacing-right-large:3.84%;--awb-margin-bottom-large:20px;--awb-spacing-left-large:3.84%;--awb-width-medium:50%;--awb-order-medium:0;--awb-spacing-right-medium:3.84%;--awb-spacing-left-medium:3.84%;--awb-width-small:100%;--awb-order-small:0;--awb-spacing-right-small:1.92%;--awb-spacing-left-small:1.92%;\"><div class=\"fusion-column-wrapper fusion-column-has-shadow fusion-flex-justify-content-flex-start fusion-content-layout-column\"><div class=\"fusion-text fusion-text-3\" style=\"--awb-font-size:var(--awb-typography4-font-size);--awb-line-height:var(--awb-typography4-line-height);--awb-letter-spacing:var(--awb-typography4-letter-spacing);--awb-text-transform:var(--awb-typography4-text-transform);--awb-text-font-family:var(--awb-typography4-font-family);--awb-text-font-weight:var(--awb-typography4-font-weight);--awb-text-font-style:var(--awb-typography4-font-style);\"><p>Walch Recycling est votre<b>prestataire<\/b> de services comp\u00e9tent, de l&rsquo;achat <b>\u00e0 <\/b><b>la <\/b> r\u00e9int\u00e9gration dans le circuit, en passant par le d\u00e9montage, le stockage et le traitement. Nous nous consid\u00e9rons comme un partenaire de l&rsquo;industrie et vous assistons volontiers pour toutes les questions relatives \u00e0 l&rsquo;\u00e9limination et au recyclage de vos \u00e9quipements \u00e9lectrotechniques et de vos grandes installations. Bien entendu, notre entreprise sp\u00e9cialis\u00e9e dans l&rsquo;\u00e9limination des d\u00e9chets est agr\u00e9\u00e9e BImSchG. Des processus de travail optimis\u00e9s, des installations de premier traitement certifi\u00e9es et notre exp\u00e9rience de plusieurs d\u00e9cennies sont les garants de votre satisfaction.<\/p>\n<\/div><\/div><\/div><div class=\"fusion-layout-column fusion_builder_column fusion-builder-column-4 fusion_builder_column_1_2 1_2 fusion-flex-column\" style=\"--awb-bg-size:cover;--awb-width-large:50%;--awb-margin-top-large:0px;--awb-spacing-right-large:3.84%;--awb-margin-bottom-large:20px;--awb-spacing-left-large:28.8%;--awb-width-medium:50%;--awb-order-medium:0;--awb-spacing-right-medium:3.84%;--awb-spacing-left-medium:28.8%;--awb-width-small:100%;--awb-order-small:0;--awb-spacing-right-small:1.92%;--awb-spacing-left-small:1.92%;\"><div class=\"fusion-column-wrapper fusion-column-has-shadow fusion-flex-justify-content-flex-start fusion-content-layout-column\"><div class=\"fusion-image-element \" style=\"--awb-caption-title-font-family:var(--h2_typography-font-family);--awb-caption-title-font-weight:var(--h2_typography-font-weight);--awb-caption-title-font-style:var(--h2_typography-font-style);--awb-caption-title-size:var(--h2_typography-font-size);--awb-caption-title-transform:var(--h2_typography-text-transform);--awb-caption-title-line-height:var(--h2_typography-line-height);--awb-caption-title-letter-spacing:var(--h2_typography-letter-spacing);\"><span class=\" fusion-imageframe imageframe-none imageframe-2 hover-type-none\" style=\"border-radius:10px;\"><img decoding=\"async\" width=\"1500\" height=\"967\" alt=\"Windr\u00e4der\" title=\"shutterstock_115323511 (1)\" src=\"https:\/\/walch-recycling.com\/wp-content\/uploads\/2024\/07\/shutterstock_115323511-1.jpg\" class=\"img-responsive wp-image-1383\" srcset=\"https:\/\/walch-recycling.com\/wp-content\/uploads\/2024\/07\/shutterstock_115323511-1-200x129.jpg 200w, https:\/\/walch-recycling.com\/wp-content\/uploads\/2024\/07\/shutterstock_115323511-1-400x258.jpg 400w, https:\/\/walch-recycling.com\/wp-content\/uploads\/2024\/07\/shutterstock_115323511-1-600x387.jpg 600w, https:\/\/walch-recycling.com\/wp-content\/uploads\/2024\/07\/shutterstock_115323511-1-800x516.jpg 800w, https:\/\/walch-recycling.com\/wp-content\/uploads\/2024\/07\/shutterstock_115323511-1-1200x774.jpg 1200w, https:\/\/walch-recycling.com\/wp-content\/uploads\/2024\/07\/shutterstock_115323511-1.jpg 1500w\" sizes=\"(max-width: 640px) 100vw, 600px\" \/><\/span><\/div><\/div><\/div><\/div><\/div><\/p>\n","protected":false},"excerpt":{"rendered":"<p>Les ressources de notre plan\u00e8te sont limit\u00e9es. C&rsquo;est dans cet \u00e9tat d&rsquo;esprit que nous agissons au quotidien chez Walch Recycling. Nous recyclons et \u00e9liminons les d\u00e9chets \u00e9lectroniques, les \u00e9quipements m\u00e9dicaux, les pi\u00e8ces d&rsquo;\u00e9oliennes et de panneaux solaires ainsi que les \u00e9quipements industriels. Nous en extrayons les mat\u00e9riaux recyclables qu&rsquo;ils contiennent et les r\u00e9introduisons dans le cycle \u00e9conomique.<\/p>\n","protected":false},"author":1,"featured_media":1379,"comment_status":"open","ping_status":"open","sticky":false,"template":"","format":"standard","meta":{"footnotes":""},"categories":[69],"tags":[],"class_list":["post-1756","post","type-post","status-publish","format-standard","has-post-thumbnail","hentry","category-blog-fr"],"yoast_head":"<!-- This site is optimized with the Yoast SEO plugin v26.7 - https:\/\/yoast.com\/wordpress\/plugins\/seo\/ -->\n<title>L&#039;\u00e9limination des d\u00e9chets est notre comp\u00e9tence ! | WALCH Recycling<\/title>\n<meta name=\"description\" content=\"Lesen Sie unseren neuen Blogartikel: L&#039;\u00e9limination des d\u00e9chets est notre comp\u00e9tence !\" \/>\n<meta name=\"robots\" content=\"index, follow, max-snippet:-1, max-image-preview:large, max-video-preview:-1\" \/>\n<link rel=\"canonical\" href=\"https:\/\/walch-recycling.com\/fr\/lelimination-des-dechets-est-notre-competence\/\" \/>\n<meta property=\"og:locale\" content=\"fr_FR\" \/>\n<meta property=\"og:type\" content=\"article\" \/>\n<meta property=\"og:title\" content=\"L&#039;\u00e9limination des d\u00e9chets est notre comp\u00e9tence ! | WALCH Recycling\" \/>\n<meta property=\"og:description\" content=\"Lesen Sie unseren neuen Blogartikel: L&#039;\u00e9limination des d\u00e9chets est notre comp\u00e9tence !\" \/>\n<meta property=\"og:url\" content=\"https:\/\/walch-recycling.com\/fr\/lelimination-des-dechets-est-notre-competence\/\" \/>\n<meta property=\"og:site_name\" content=\"WALCH Recycling\" \/>\n<meta property=\"article:published_time\" content=\"2024-07-03T13:02:38+00:00\" \/>\n<meta property=\"article:modified_time\" content=\"2024-07-29T07:35:06+00:00\" \/>\n<meta property=\"og:image\" content=\"https:\/\/walch-recycling.com\/wp-content\/uploads\/2024\/07\/shutterstock_115323511.jpg\" \/>\n\t<meta property=\"og:image:width\" content=\"1500\" \/>\n\t<meta property=\"og:image:height\" content=\"967\" \/>\n\t<meta property=\"og:image:type\" content=\"image\/jpeg\" \/>\n<meta name=\"author\" content=\"David Schiemann\" \/>\n<meta name=\"twitter:card\" content=\"summary_large_image\" \/>\n<meta name=\"twitter:label1\" content=\"\u00c9crit par\" \/>\n\t<meta name=\"twitter:data1\" content=\"David Schiemann\" \/>\n\t<meta name=\"twitter:label2\" content=\"Dur\u00e9e de lecture estim\u00e9e\" \/>\n\t<meta name=\"twitter:data2\" content=\"15 minutes\" \/>\n<script type=\"application\/ld+json\" class=\"yoast-schema-graph\">{\"@context\":\"https:\/\/schema.org\",\"@graph\":[{\"@type\":\"Article\",\"@id\":\"https:\/\/walch-recycling.com\/fr\/lelimination-des-dechets-est-notre-competence\/#article\",\"isPartOf\":{\"@id\":\"https:\/\/walch-recycling.com\/fr\/lelimination-des-dechets-est-notre-competence\/\"},\"author\":{\"name\":\"David Schiemann\",\"@id\":\"https:\/\/walch-recycling.com\/#\/schema\/person\/664cee7ee6f146ab8f32ad3da73353fc\"},\"headline\":\"L&rsquo;\u00e9limination des d\u00e9chets est notre comp\u00e9tence !\",\"datePublished\":\"2024-07-03T13:02:38+00:00\",\"dateModified\":\"2024-07-29T07:35:06+00:00\",\"mainEntityOfPage\":{\"@id\":\"https:\/\/walch-recycling.com\/fr\/lelimination-des-dechets-est-notre-competence\/\"},\"wordCount\":2949,\"commentCount\":0,\"publisher\":{\"@id\":\"https:\/\/walch-recycling.com\/#organization\"},\"image\":{\"@id\":\"https:\/\/walch-recycling.com\/fr\/lelimination-des-dechets-est-notre-competence\/#primaryimage\"},\"thumbnailUrl\":\"https:\/\/walch-recycling.com\/wp-content\/uploads\/2024\/07\/shutterstock_115323511.jpg\",\"articleSection\":[\"Blog\"],\"inLanguage\":\"fr-FR\",\"potentialAction\":[{\"@type\":\"CommentAction\",\"name\":\"Comment\",\"target\":[\"https:\/\/walch-recycling.com\/fr\/lelimination-des-dechets-est-notre-competence\/#respond\"]}]},{\"@type\":\"WebPage\",\"@id\":\"https:\/\/walch-recycling.com\/fr\/lelimination-des-dechets-est-notre-competence\/\",\"url\":\"https:\/\/walch-recycling.com\/fr\/lelimination-des-dechets-est-notre-competence\/\",\"name\":\"L'\u00e9limination des d\u00e9chets est notre comp\u00e9tence ! | WALCH Recycling\",\"isPartOf\":{\"@id\":\"https:\/\/walch-recycling.com\/#website\"},\"primaryImageOfPage\":{\"@id\":\"https:\/\/walch-recycling.com\/fr\/lelimination-des-dechets-est-notre-competence\/#primaryimage\"},\"image\":{\"@id\":\"https:\/\/walch-recycling.com\/fr\/lelimination-des-dechets-est-notre-competence\/#primaryimage\"},\"thumbnailUrl\":\"https:\/\/walch-recycling.com\/wp-content\/uploads\/2024\/07\/shutterstock_115323511.jpg\",\"datePublished\":\"2024-07-03T13:02:38+00:00\",\"dateModified\":\"2024-07-29T07:35:06+00:00\",\"description\":\"Lesen Sie unseren neuen Blogartikel: L'\u00e9limination des d\u00e9chets est notre comp\u00e9tence !\",\"breadcrumb\":{\"@id\":\"https:\/\/walch-recycling.com\/fr\/lelimination-des-dechets-est-notre-competence\/#breadcrumb\"},\"inLanguage\":\"fr-FR\",\"potentialAction\":[{\"@type\":\"ReadAction\",\"target\":[\"https:\/\/walch-recycling.com\/fr\/lelimination-des-dechets-est-notre-competence\/\"]}]},{\"@type\":\"ImageObject\",\"inLanguage\":\"fr-FR\",\"@id\":\"https:\/\/walch-recycling.com\/fr\/lelimination-des-dechets-est-notre-competence\/#primaryimage\",\"url\":\"https:\/\/walch-recycling.com\/wp-content\/uploads\/2024\/07\/shutterstock_115323511.jpg\",\"contentUrl\":\"https:\/\/walch-recycling.com\/wp-content\/uploads\/2024\/07\/shutterstock_115323511.jpg\",\"width\":1500,\"height\":967,\"caption\":\"Windraeder gespiegelt\"},{\"@type\":\"BreadcrumbList\",\"@id\":\"https:\/\/walch-recycling.com\/fr\/lelimination-des-dechets-est-notre-competence\/#breadcrumb\",\"itemListElement\":[{\"@type\":\"ListItem\",\"position\":1,\"name\":\"Startseite\",\"item\":\"https:\/\/walch-recycling.com\/fr\/\"},{\"@type\":\"ListItem\",\"position\":2,\"name\":\"L&#8217;\u00e9limination des d\u00e9chets est notre comp\u00e9tence !\"}]},{\"@type\":\"WebSite\",\"@id\":\"https:\/\/walch-recycling.com\/#website\",\"url\":\"https:\/\/walch-recycling.com\/\",\"name\":\"WALCH Recycling\",\"description\":\"\",\"publisher\":{\"@id\":\"https:\/\/walch-recycling.com\/#organization\"},\"potentialAction\":[{\"@type\":\"SearchAction\",\"target\":{\"@type\":\"EntryPoint\",\"urlTemplate\":\"https:\/\/walch-recycling.com\/?s={search_term_string}\"},\"query-input\":{\"@type\":\"PropertyValueSpecification\",\"valueRequired\":true,\"valueName\":\"search_term_string\"}}],\"inLanguage\":\"fr-FR\"},{\"@type\":\"Organization\",\"@id\":\"https:\/\/walch-recycling.com\/#organization\",\"name\":\"Lars Walch GmbH & Co. KG\",\"url\":\"https:\/\/walch-recycling.com\/\",\"logo\":{\"@type\":\"ImageObject\",\"inLanguage\":\"fr-FR\",\"@id\":\"https:\/\/walch-recycling.com\/#\/schema\/logo\/image\/\",\"url\":\"https:\/\/walch-recycling.com\/wp-content\/uploads\/2024\/05\/walch-recycling-logo_sm.svg\",\"contentUrl\":\"https:\/\/walch-recycling.com\/wp-content\/uploads\/2024\/05\/walch-recycling-logo_sm.svg\",\"width\":91,\"height\":66,\"caption\":\"Lars Walch GmbH & Co. KG\"},\"image\":{\"@id\":\"https:\/\/walch-recycling.com\/#\/schema\/logo\/image\/\"},\"sameAs\":[\"https:\/\/www.linkedin.com\/company\/walchrecycling\/\",\"https:\/\/www.youtube.com\/channel\/UCy6VNhi3OHnjeClBw2_juVQ\"]},{\"@type\":\"Person\",\"@id\":\"https:\/\/walch-recycling.com\/#\/schema\/person\/664cee7ee6f146ab8f32ad3da73353fc\",\"name\":\"David Schiemann\",\"image\":{\"@type\":\"ImageObject\",\"inLanguage\":\"fr-FR\",\"@id\":\"https:\/\/walch-recycling.com\/#\/schema\/person\/image\/\",\"url\":\"https:\/\/secure.gravatar.com\/avatar\/c5a7e5633c632a17cf0b37479868f322c4074aa04a1bd1775de8837f9975a9eb?s=96&d=mm&r=g\",\"contentUrl\":\"https:\/\/secure.gravatar.com\/avatar\/c5a7e5633c632a17cf0b37479868f322c4074aa04a1bd1775de8837f9975a9eb?s=96&d=mm&r=g\",\"caption\":\"David Schiemann\"},\"sameAs\":[\"https:\/\/walch-recycling.com\"],\"url\":\"https:\/\/walch-recycling.com\/fr\/author\/david\/\"}]}<\/script>\n<!-- \/ Yoast SEO plugin. -->","yoast_head_json":{"title":"L'\u00e9limination des d\u00e9chets est notre comp\u00e9tence ! | WALCH Recycling","description":"Lesen Sie unseren neuen Blogartikel: L'\u00e9limination des d\u00e9chets est notre comp\u00e9tence !","robots":{"index":"index","follow":"follow","max-snippet":"max-snippet:-1","max-image-preview":"max-image-preview:large","max-video-preview":"max-video-preview:-1"},"canonical":"https:\/\/walch-recycling.com\/fr\/lelimination-des-dechets-est-notre-competence\/","og_locale":"fr_FR","og_type":"article","og_title":"L'\u00e9limination des d\u00e9chets est notre comp\u00e9tence ! | WALCH Recycling","og_description":"Lesen Sie unseren neuen Blogartikel: L'\u00e9limination des d\u00e9chets est notre comp\u00e9tence !","og_url":"https:\/\/walch-recycling.com\/fr\/lelimination-des-dechets-est-notre-competence\/","og_site_name":"WALCH Recycling","article_published_time":"2024-07-03T13:02:38+00:00","article_modified_time":"2024-07-29T07:35:06+00:00","og_image":[{"width":1500,"height":967,"url":"https:\/\/walch-recycling.com\/wp-content\/uploads\/2024\/07\/shutterstock_115323511.jpg","type":"image\/jpeg"}],"author":"David Schiemann","twitter_card":"summary_large_image","twitter_misc":{"\u00c9crit par":"David Schiemann","Dur\u00e9e de lecture estim\u00e9e":"15 minutes"},"schema":{"@context":"https:\/\/schema.org","@graph":[{"@type":"Article","@id":"https:\/\/walch-recycling.com\/fr\/lelimination-des-dechets-est-notre-competence\/#article","isPartOf":{"@id":"https:\/\/walch-recycling.com\/fr\/lelimination-des-dechets-est-notre-competence\/"},"author":{"name":"David Schiemann","@id":"https:\/\/walch-recycling.com\/#\/schema\/person\/664cee7ee6f146ab8f32ad3da73353fc"},"headline":"L&rsquo;\u00e9limination des d\u00e9chets est notre comp\u00e9tence !","datePublished":"2024-07-03T13:02:38+00:00","dateModified":"2024-07-29T07:35:06+00:00","mainEntityOfPage":{"@id":"https:\/\/walch-recycling.com\/fr\/lelimination-des-dechets-est-notre-competence\/"},"wordCount":2949,"commentCount":0,"publisher":{"@id":"https:\/\/walch-recycling.com\/#organization"},"image":{"@id":"https:\/\/walch-recycling.com\/fr\/lelimination-des-dechets-est-notre-competence\/#primaryimage"},"thumbnailUrl":"https:\/\/walch-recycling.com\/wp-content\/uploads\/2024\/07\/shutterstock_115323511.jpg","articleSection":["Blog"],"inLanguage":"fr-FR","potentialAction":[{"@type":"CommentAction","name":"Comment","target":["https:\/\/walch-recycling.com\/fr\/lelimination-des-dechets-est-notre-competence\/#respond"]}]},{"@type":"WebPage","@id":"https:\/\/walch-recycling.com\/fr\/lelimination-des-dechets-est-notre-competence\/","url":"https:\/\/walch-recycling.com\/fr\/lelimination-des-dechets-est-notre-competence\/","name":"L'\u00e9limination des d\u00e9chets est notre comp\u00e9tence ! | WALCH Recycling","isPartOf":{"@id":"https:\/\/walch-recycling.com\/#website"},"primaryImageOfPage":{"@id":"https:\/\/walch-recycling.com\/fr\/lelimination-des-dechets-est-notre-competence\/#primaryimage"},"image":{"@id":"https:\/\/walch-recycling.com\/fr\/lelimination-des-dechets-est-notre-competence\/#primaryimage"},"thumbnailUrl":"https:\/\/walch-recycling.com\/wp-content\/uploads\/2024\/07\/shutterstock_115323511.jpg","datePublished":"2024-07-03T13:02:38+00:00","dateModified":"2024-07-29T07:35:06+00:00","description":"Lesen Sie unseren neuen Blogartikel: L'\u00e9limination des d\u00e9chets est notre comp\u00e9tence !","breadcrumb":{"@id":"https:\/\/walch-recycling.com\/fr\/lelimination-des-dechets-est-notre-competence\/#breadcrumb"},"inLanguage":"fr-FR","potentialAction":[{"@type":"ReadAction","target":["https:\/\/walch-recycling.com\/fr\/lelimination-des-dechets-est-notre-competence\/"]}]},{"@type":"ImageObject","inLanguage":"fr-FR","@id":"https:\/\/walch-recycling.com\/fr\/lelimination-des-dechets-est-notre-competence\/#primaryimage","url":"https:\/\/walch-recycling.com\/wp-content\/uploads\/2024\/07\/shutterstock_115323511.jpg","contentUrl":"https:\/\/walch-recycling.com\/wp-content\/uploads\/2024\/07\/shutterstock_115323511.jpg","width":1500,"height":967,"caption":"Windraeder gespiegelt"},{"@type":"BreadcrumbList","@id":"https:\/\/walch-recycling.com\/fr\/lelimination-des-dechets-est-notre-competence\/#breadcrumb","itemListElement":[{"@type":"ListItem","position":1,"name":"Startseite","item":"https:\/\/walch-recycling.com\/fr\/"},{"@type":"ListItem","position":2,"name":"L&#8217;\u00e9limination des d\u00e9chets est notre comp\u00e9tence !"}]},{"@type":"WebSite","@id":"https:\/\/walch-recycling.com\/#website","url":"https:\/\/walch-recycling.com\/","name":"WALCH Recycling","description":"","publisher":{"@id":"https:\/\/walch-recycling.com\/#organization"},"potentialAction":[{"@type":"SearchAction","target":{"@type":"EntryPoint","urlTemplate":"https:\/\/walch-recycling.com\/?s={search_term_string}"},"query-input":{"@type":"PropertyValueSpecification","valueRequired":true,"valueName":"search_term_string"}}],"inLanguage":"fr-FR"},{"@type":"Organization","@id":"https:\/\/walch-recycling.com\/#organization","name":"Lars Walch GmbH & Co. KG","url":"https:\/\/walch-recycling.com\/","logo":{"@type":"ImageObject","inLanguage":"fr-FR","@id":"https:\/\/walch-recycling.com\/#\/schema\/logo\/image\/","url":"https:\/\/walch-recycling.com\/wp-content\/uploads\/2024\/05\/walch-recycling-logo_sm.svg","contentUrl":"https:\/\/walch-recycling.com\/wp-content\/uploads\/2024\/05\/walch-recycling-logo_sm.svg","width":91,"height":66,"caption":"Lars Walch GmbH & Co. KG"},"image":{"@id":"https:\/\/walch-recycling.com\/#\/schema\/logo\/image\/"},"sameAs":["https:\/\/www.linkedin.com\/company\/walchrecycling\/","https:\/\/www.youtube.com\/channel\/UCy6VNhi3OHnjeClBw2_juVQ"]},{"@type":"Person","@id":"https:\/\/walch-recycling.com\/#\/schema\/person\/664cee7ee6f146ab8f32ad3da73353fc","name":"David Schiemann","image":{"@type":"ImageObject","inLanguage":"fr-FR","@id":"https:\/\/walch-recycling.com\/#\/schema\/person\/image\/","url":"https:\/\/secure.gravatar.com\/avatar\/c5a7e5633c632a17cf0b37479868f322c4074aa04a1bd1775de8837f9975a9eb?s=96&d=mm&r=g","contentUrl":"https:\/\/secure.gravatar.com\/avatar\/c5a7e5633c632a17cf0b37479868f322c4074aa04a1bd1775de8837f9975a9eb?s=96&d=mm&r=g","caption":"David Schiemann"},"sameAs":["https:\/\/walch-recycling.com"],"url":"https:\/\/walch-recycling.com\/fr\/author\/david\/"}]}},"_links":{"self":[{"href":"https:\/\/walch-recycling.com\/fr\/wp-json\/wp\/v2\/posts\/1756","targetHints":{"allow":["GET"]}}],"collection":[{"href":"https:\/\/walch-recycling.com\/fr\/wp-json\/wp\/v2\/posts"}],"about":[{"href":"https:\/\/walch-recycling.com\/fr\/wp-json\/wp\/v2\/types\/post"}],"author":[{"embeddable":true,"href":"https:\/\/walch-recycling.com\/fr\/wp-json\/wp\/v2\/users\/1"}],"replies":[{"embeddable":true,"href":"https:\/\/walch-recycling.com\/fr\/wp-json\/wp\/v2\/comments?post=1756"}],"version-history":[{"count":5,"href":"https:\/\/walch-recycling.com\/fr\/wp-json\/wp\/v2\/posts\/1756\/revisions"}],"predecessor-version":[{"id":2405,"href":"https:\/\/walch-recycling.com\/fr\/wp-json\/wp\/v2\/posts\/1756\/revisions\/2405"}],"wp:featuredmedia":[{"embeddable":true,"href":"https:\/\/walch-recycling.com\/fr\/wp-json\/wp\/v2\/media\/1379"}],"wp:attachment":[{"href":"https:\/\/walch-recycling.com\/fr\/wp-json\/wp\/v2\/media?parent=1756"}],"wp:term":[{"taxonomy":"category","embeddable":true,"href":"https:\/\/walch-recycling.com\/fr\/wp-json\/wp\/v2\/categories?post=1756"},{"taxonomy":"post_tag","embeddable":true,"href":"https:\/\/walch-recycling.com\/fr\/wp-json\/wp\/v2\/tags?post=1756"}],"curies":[{"name":"wp","href":"https:\/\/api.w.org\/{rel}","templated":true}]}}